{"id":4006,"date":"2023-06-10T17:39:13","date_gmt":"2023-06-10T15:39:13","guid":{"rendered":"https:\/\/lican.fr\/?p=4006"},"modified":"2023-06-10T19:29:58","modified_gmt":"2023-06-10T17:29:58","slug":"finlande-1-helsinki-tyco","status":"publish","type":"post","link":"https:\/\/lican.fr\/?p=4006","title":{"rendered":"Finlande #1 &#8211; Helsinki &amp; Tyc\u00f6"},"content":{"rendered":"\n<h4 class=\"wp-block-heading\"><mark style=\"background-color:rgba(0, 0, 0, 0)\" class=\"has-inline-color has-vivid-cyan-blue-color\">05 juin 2023<\/mark><\/h4>\n\n\n\n<p>La journ\u00e9e est assez chronom\u00e9tr\u00e9e. Nous prenons le ferry pour Helsinki ce soir. Nous d\u00e9butons par des courses alimentaires en pr\u00e9vision de nos prochains jours dans les pays Nordiques, o\u00f9 le co\u00fbt de la vie est bien plus \u00e9lev\u00e9. Nous l&rsquo;avions constat\u00e9 il y a plus de dix ans lors de notre s\u00e9jour en Norv\u00e8ge et d&rsquo;autres famille nous l&rsquo;ont confirm\u00e9. M\u00eame s&rsquo;il existe des produits de premi\u00e8re n\u00e9cessit\u00e9 \u00e0 prix bas &#8211; p\u00e2tes, riz etc&#8230; &#8211; nous pr\u00e9f\u00e9rons faire un gros ravitaillement global.<\/p>\n\n\n\n<p>Etape suivante, La Poste d&rsquo;o\u00f9 je peux envoyer les cartes \u00e9crites dans les pays Baltes. <\/p>\n\n\n\n<p>Enfin, il est l&rsquo;heure de se rendre au port. Nous avons du temps mais autant attendre sur place. Nous embarquons assez rapidement et le ferry prend le large. <\/p>\n\n\n<div class=\"wp-block-image\">\n<figure class=\"aligncenter size-full\"><img loading=\"lazy\" decoding=\"async\" width=\"722\" height=\"481\" src=\"https:\/\/lican.fr\/wp-content\/uploads\/2023\/06\/0605-06-07-1.jpg\" alt=\"\" class=\"wp-image-4008\" srcset=\"https:\/\/lican.fr\/wp-content\/uploads\/2023\/06\/0605-06-07-1.jpg 722w, https:\/\/lican.fr\/wp-content\/uploads\/2023\/06\/0605-06-07-1-300x200.jpg 300w, https:\/\/lican.fr\/wp-content\/uploads\/2023\/06\/0605-06-07-1-450x301.jpg 450w\" sizes=\"auto, (max-width: 722px) 100vw, 722px\" \/><\/figure>\n<\/div>\n\n\n<p>Sur le ferry, nous sommes interloqu\u00e9s par un symbole sur la porte de certains WC, il s&rsquo;agit du symbole transgenre. Visiblement, les pays nordiques sont tr\u00e8s ouverts sur ce sujet.<\/p>\n\n\n<div class=\"wp-block-image\">\n<figure class=\"aligncenter size-full\"><img loading=\"lazy\" decoding=\"async\" width=\"137\" height=\"137\" src=\"https:\/\/lican.fr\/wp-content\/uploads\/2023\/06\/image.png\" alt=\"\" class=\"wp-image-4015\" srcset=\"https:\/\/lican.fr\/wp-content\/uploads\/2023\/06\/image.png 137w, https:\/\/lican.fr\/wp-content\/uploads\/2023\/06\/image-66x66.png 66w\" sizes=\"auto, (max-width: 137px) 100vw, 137px\" \/><\/figure>\n<\/div>\n\n\n<p>Les enfants profitent des jeux et activit\u00e9s ludiques pr\u00e9vues pour eux, dont des tatouage \u00e0 la peinture \u00e0 l&rsquo;eau dont ils sont tr\u00e8s contents. Le temps de travers\u00e9e est de 2h30, c&rsquo;est rapide et nous d\u00e9barquons \u00e0 Helsinki en d\u00e9but de soir\u00e9e. <\/p>\n\n\n\n<figure class=\"wp-block-gallery aligncenter has-nested-images columns-default is-cropped wp-block-gallery-1 is-layout-flex wp-block-gallery-is-layout-flex\">\n<figure class=\"wp-block-image size-large\"><a href=\"https:\/\/lican.fr\/wp-content\/uploads\/2023\/06\/0605-06-07-2.jpg\"><img loading=\"lazy\" decoding=\"async\" width=\"462\" height=\"1024\" data-id=\"4009\" src=\"https:\/\/lican.fr\/wp-content\/uploads\/2023\/06\/0605-06-07-2-462x1024.jpg\" alt=\"\" class=\"wp-image-4009\" srcset=\"https:\/\/lican.fr\/wp-content\/uploads\/2023\/06\/0605-06-07-2-462x1024.jpg 462w, https:\/\/lican.fr\/wp-content\/uploads\/2023\/06\/0605-06-07-2-135x300.jpg 135w, https:\/\/lican.fr\/wp-content\/uploads\/2023\/06\/0605-06-07-2-693x1536.jpg 693w, https:\/\/lican.fr\/wp-content\/uploads\/2023\/06\/0605-06-07-2.jpg 722w\" sizes=\"auto, (max-width: 462px) 100vw, 462px\" \/><\/a><\/figure>\n\n\n\n<figure class=\"wp-block-image size-large\"><a href=\"https:\/\/lican.fr\/wp-content\/uploads\/2023\/06\/0605-06-07-3.jpg\"><img loading=\"lazy\" decoding=\"async\" width=\"462\" height=\"1024\" data-id=\"4010\" src=\"https:\/\/lican.fr\/wp-content\/uploads\/2023\/06\/0605-06-07-3-462x1024.jpg\" alt=\"\" class=\"wp-image-4010\" srcset=\"https:\/\/lican.fr\/wp-content\/uploads\/2023\/06\/0605-06-07-3-462x1024.jpg 462w, https:\/\/lican.fr\/wp-content\/uploads\/2023\/06\/0605-06-07-3-135x300.jpg 135w, https:\/\/lican.fr\/wp-content\/uploads\/2023\/06\/0605-06-07-3-693x1536.jpg 693w, https:\/\/lican.fr\/wp-content\/uploads\/2023\/06\/0605-06-07-3.jpg 722w\" sizes=\"auto, (max-width: 462px) 100vw, 462px\" \/><\/a><\/figure>\n\n\n\n<figure class=\"wp-block-image size-large\"><a href=\"https:\/\/lican.fr\/wp-content\/uploads\/2023\/06\/0605-06-07-4.jpg\"><img loading=\"lazy\" decoding=\"async\" width=\"462\" height=\"1024\" data-id=\"4011\" src=\"https:\/\/lican.fr\/wp-content\/uploads\/2023\/06\/0605-06-07-4-462x1024.jpg\" alt=\"\" class=\"wp-image-4011\" srcset=\"https:\/\/lican.fr\/wp-content\/uploads\/2023\/06\/0605-06-07-4-462x1024.jpg 462w, https:\/\/lican.fr\/wp-content\/uploads\/2023\/06\/0605-06-07-4-135x300.jpg 135w, https:\/\/lican.fr\/wp-content\/uploads\/2023\/06\/0605-06-07-4-693x1536.jpg 693w, https:\/\/lican.fr\/wp-content\/uploads\/2023\/06\/0605-06-07-4.jpg 722w\" sizes=\"auto, (max-width: 462px) 100vw, 462px\" \/><\/a><\/figure>\n<\/figure>\n\n\n\n<p>L&rsquo;homme nous conduit jusqu&rsquo;au spot de ce soir, un parking sur le littoral. Il fait beau et bon, le soleil est encore pr\u00e9sent (pays nordique oblige), alors nous enfourchons nos v\u00e9los et allons d\u00e9gourdir les gnomes dans le parc de jeu. Des \u00e9quipement en tr\u00e8s bon \u00e9tat et des jouets en libre acc\u00e8s dans de grands coffres. Cela nous surprend, nous n&rsquo;avons pas l&rsquo;habitude en France.<\/p>\n\n\n<div class=\"wp-block-image\">\n<figure class=\"aligncenter size-large\"><img loading=\"lazy\" decoding=\"async\" width=\"1024\" height=\"462\" src=\"https:\/\/lican.fr\/wp-content\/uploads\/2023\/06\/0605-06-07-7-1024x462.jpg\" alt=\"\" class=\"wp-image-4012\" srcset=\"https:\/\/lican.fr\/wp-content\/uploads\/2023\/06\/0605-06-07-7-1024x462.jpg 1024w, https:\/\/lican.fr\/wp-content\/uploads\/2023\/06\/0605-06-07-7-300x135.jpg 300w, https:\/\/lican.fr\/wp-content\/uploads\/2023\/06\/0605-06-07-7-768x347.jpg 768w, https:\/\/lican.fr\/wp-content\/uploads\/2023\/06\/0605-06-07-7-1536x693.jpg 1536w, https:\/\/lican.fr\/wp-content\/uploads\/2023\/06\/0605-06-07-7.jpg 1600w\" sizes=\"auto, (max-width: 1024px) 100vw, 1024px\" \/><\/figure>\n<\/div>\n\n\n<p>Au retour, je me fais un th\u00e9. Vous constaterez la luminosit\u00e9 \u00e0 21h. Et le matin, apr\u00e8s une nuit cr\u00e9pusculaire, le soleil se l\u00e8ve \u00ab\u00a0formellement\u00a0\u00bb vers 4h du matin ce qui fait que quelques heures plus tard il est d\u00e9j\u00e0 haut dans le ciel.<\/p>\n\n\n<div class=\"wp-block-image\">\n<figure class=\"aligncenter size-large is-resized\"><img loading=\"lazy\" decoding=\"async\" src=\"https:\/\/lican.fr\/wp-content\/uploads\/2023\/06\/0605-06-07-6-462x1024.jpg\" alt=\"\" class=\"wp-image-4013\" width=\"347\" height=\"768\" srcset=\"https:\/\/lican.fr\/wp-content\/uploads\/2023\/06\/0605-06-07-6-462x1024.jpg 462w, https:\/\/lican.fr\/wp-content\/uploads\/2023\/06\/0605-06-07-6-135x300.jpg 135w, https:\/\/lican.fr\/wp-content\/uploads\/2023\/06\/0605-06-07-6-693x1536.jpg 693w, https:\/\/lican.fr\/wp-content\/uploads\/2023\/06\/0605-06-07-6.jpg 722w\" sizes=\"auto, (max-width: 347px) 100vw, 347px\" \/><\/figure>\n<\/div>\n\n\n<p><\/p>\n\n\n\n<h4 class=\"wp-block-heading\"><mark style=\"background-color:rgba(0, 0, 0, 0)\" class=\"has-inline-color has-vivid-cyan-blue-color\">06 juin 2023<\/mark><\/h4>\n\n\n\n<p>Je pr\u00e9pare les activit\u00e9s pour faire l&rsquo;instruction des enfants, tandis qu&rsquo;ils batifolent dehors mais finalement nous pr\u00e9f\u00e9rons profiter du temps pour visiter la ville. Ce n&rsquo;est pas perdu, ils les feront le lendemain !<\/p>\n\n\n\n<p>Nous enfourchons nos v\u00e9los. Eh oui, cela fait plusieurs capitales que nous pouvons p\u00e9daler en toute s\u00e9curit\u00e9, les villes proposent des pistes cyclables et autres am\u00e9nagements destin\u00e9s aux cyclistes et les automobilistes sont respectueux. Le lutin prend confiance et suit le rythme sans probl\u00e8me, il commence \u00e0 bien assimiler les r\u00e8gles pour rouler en ville. <\/p>\n\n\n\n<p>Nous croisons de nombreuses petites oies noires, des bernaches nonnettes, typiques du pays, accompagn\u00e9es de leurs petits. Les enfants sont sous le charmes de ces palmip\u00e8des.<\/p>\n\n\n\n<figure class=\"wp-block-gallery aligncenter has-nested-images columns-default is-cropped wp-block-gallery-2 is-layout-flex wp-block-gallery-is-layout-flex\">\n<figure class=\"wp-block-image size-large\"><a href=\"https:\/\/lican.fr\/wp-content\/uploads\/2023\/06\/0605-06-07-8.jpg\"><img loading=\"lazy\" decoding=\"async\" width=\"1024\" height=\"462\" data-id=\"4017\" src=\"https:\/\/lican.fr\/wp-content\/uploads\/2023\/06\/0605-06-07-8-1024x462.jpg\" alt=\"\" class=\"wp-image-4017\" srcset=\"https:\/\/lican.fr\/wp-content\/uploads\/2023\/06\/0605-06-07-8-1024x462.jpg 1024w, https:\/\/lican.fr\/wp-content\/uploads\/2023\/06\/0605-06-07-8-300x135.jpg 300w, https:\/\/lican.fr\/wp-content\/uploads\/2023\/06\/0605-06-07-8-768x347.jpg 768w, https:\/\/lican.fr\/wp-content\/uploads\/2023\/06\/0605-06-07-8-1536x693.jpg 1536w, https:\/\/lican.fr\/wp-content\/uploads\/2023\/06\/0605-06-07-8.jpg 1600w\" sizes=\"auto, (max-width: 1024px) 100vw, 1024px\" \/><\/a><\/figure>\n\n\n\n<figure class=\"wp-block-image size-large\"><a href=\"https:\/\/lican.fr\/wp-content\/uploads\/2023\/06\/0605-06-07-11.jpg\"><img loading=\"lazy\" decoding=\"async\" width=\"722\" height=\"481\" data-id=\"4016\" src=\"https:\/\/lican.fr\/wp-content\/uploads\/2023\/06\/0605-06-07-11.jpg\" alt=\"\" class=\"wp-image-4016\" srcset=\"https:\/\/lican.fr\/wp-content\/uploads\/2023\/06\/0605-06-07-11.jpg 722w, https:\/\/lican.fr\/wp-content\/uploads\/2023\/06\/0605-06-07-11-300x200.jpg 300w, https:\/\/lican.fr\/wp-content\/uploads\/2023\/06\/0605-06-07-11-450x301.jpg 450w\" sizes=\"auto, (max-width: 722px) 100vw, 722px\" \/><\/a><\/figure>\n<\/figure>\n\n\n\n<p>Malheureusement la bruine nous rattrape. C&rsquo;est de courte dur\u00e9e, mais suffisant pour nous transir de froid. Nous observons la cath\u00e9drale luth\u00e9rienne, ancienne \u00e9glise Saint-Nicolas, avec ses coupoles. <\/p>\n\n\n<div class=\"wp-block-image\">\n<figure class=\"aligncenter size-large\"><img loading=\"lazy\" decoding=\"async\" width=\"1024\" height=\"462\" src=\"https:\/\/lican.fr\/wp-content\/uploads\/2023\/06\/0605-06-07-12-1024x462.jpg\" alt=\"\" class=\"wp-image-4018\" srcset=\"https:\/\/lican.fr\/wp-content\/uploads\/2023\/06\/0605-06-07-12-1024x462.jpg 1024w, https:\/\/lican.fr\/wp-content\/uploads\/2023\/06\/0605-06-07-12-300x135.jpg 300w, https:\/\/lican.fr\/wp-content\/uploads\/2023\/06\/0605-06-07-12-768x347.jpg 768w, https:\/\/lican.fr\/wp-content\/uploads\/2023\/06\/0605-06-07-12-1536x693.jpg 1536w, https:\/\/lican.fr\/wp-content\/uploads\/2023\/06\/0605-06-07-12.jpg 1600w\" sizes=\"auto, (max-width: 1024px) 100vw, 1024px\" \/><\/figure>\n<\/div>\n\n\n<p>L&rsquo;homme nous guide au march\u00e9 couvert o\u00f9 il souhaitait que nous d\u00e9jeunions, malheureusement il est en travaux. Nous prenons la direction de l&rsquo;\u00e9glise monolithique <em>Temppeliaukio<\/em>, \u00e9vang\u00e9lique luth\u00e9rienne. La pr\u00e9pos\u00e9e aux billets parle un fran\u00e7ais impeccable !<\/p>\n\n\n<div class=\"wp-block-image\">\n<figure class=\"aligncenter size-large\"><a href=\"https:\/\/lican.fr\/wp-content\/uploads\/2023\/06\/0605-06-07-9.jpg\"><img loading=\"lazy\" decoding=\"async\" width=\"979\" height=\"442\" src=\"https:\/\/lican.fr\/wp-content\/uploads\/2023\/06\/0605-06-07-9.jpg\" alt=\"\" class=\"wp-image-4023\" srcset=\"https:\/\/lican.fr\/wp-content\/uploads\/2023\/06\/0605-06-07-9.jpg 979w, https:\/\/lican.fr\/wp-content\/uploads\/2023\/06\/0605-06-07-9-300x135.jpg 300w, https:\/\/lican.fr\/wp-content\/uploads\/2023\/06\/0605-06-07-9-768x347.jpg 768w\" sizes=\"auto, (max-width: 979px) 100vw, 979px\" \/><\/a><\/figure>\n<\/div>\n\n\n<p>L&rsquo;\u00e9glise, creus\u00e9e dans la roche surplomb\u00e9e d&rsquo;une structure en pierre de granit laissant passer la lumi\u00e8re, est un chef d&rsquo;\u0153uvre architectural de la fin des ann\u00e9es 1960 con\u00e7ue par deux fr\u00e8re Finlandais. La hauteur \u00e0 l&rsquo;aplomb de la coupole est de 13m.  <\/p>\n\n\n<div class=\"wp-block-image\">\n<figure class=\"aligncenter size-full\"><img loading=\"lazy\" decoding=\"async\" width=\"722\" height=\"481\" src=\"https:\/\/lican.fr\/wp-content\/uploads\/2023\/06\/0605-06-07-13-1.jpg\" alt=\"\" class=\"wp-image-4024\" srcset=\"https:\/\/lican.fr\/wp-content\/uploads\/2023\/06\/0605-06-07-13-1.jpg 722w, https:\/\/lican.fr\/wp-content\/uploads\/2023\/06\/0605-06-07-13-1-300x200.jpg 300w, https:\/\/lican.fr\/wp-content\/uploads\/2023\/06\/0605-06-07-13-1-450x301.jpg 450w\" sizes=\"auto, (max-width: 722px) 100vw, 722px\" \/><\/figure>\n<\/div>\n\n\n<p>Nous reprenons nos cycles et nous posons dans un restaurant asiatique pour d\u00e9jeuner et laisser passer l&rsquo;averse qui nous a cueillis \u00e0 la sortie de l&rsquo;\u00e9glise.  Nous retrouvons le Lican et notre 4-pat, heureuse de nous retrouver, et terminons la journ\u00e9e par des temps de repos, chacun vaquant \u00e0 ses activit\u00e9s. C&rsquo;est aussi important d&rsquo;arriver \u00e0 se pr\u00e9server ces temps personnels \u00e9tant 24\/7\/365 ensemble.<\/p>\n\n\n<div class=\"wp-block-image\">\n<figure class=\"aligncenter size-large is-resized\"><img loading=\"lazy\" decoding=\"async\" src=\"https:\/\/lican.fr\/wp-content\/uploads\/2023\/06\/0605-06-07-14-462x1024.jpg\" alt=\"\" class=\"wp-image-4028\" width=\"347\" height=\"768\" srcset=\"https:\/\/lican.fr\/wp-content\/uploads\/2023\/06\/0605-06-07-14-462x1024.jpg 462w, https:\/\/lican.fr\/wp-content\/uploads\/2023\/06\/0605-06-07-14-135x300.jpg 135w, https:\/\/lican.fr\/wp-content\/uploads\/2023\/06\/0605-06-07-14-693x1536.jpg 693w, https:\/\/lican.fr\/wp-content\/uploads\/2023\/06\/0605-06-07-14.jpg 722w\" sizes=\"auto, (max-width: 347px) 100vw, 347px\" \/><\/figure>\n<\/div>\n\n\n<p><\/p>\n\n\n\n<h4 class=\"wp-block-heading\"><mark style=\"background-color:rgba(0, 0, 0, 0)\" class=\"has-inline-color has-vivid-cyan-blue-color\">07 juin 2023<\/mark><\/h4>\n\n\n\n<p>Matin\u00e9e instruction puis nous reprenons la route apr\u00e8s d\u00e9jeuner direction le <em>Flamingo Spa<\/em>, un parc aquatique. Ce n&rsquo;est pas tr\u00e8s original mais c&rsquo;est quelque chose qui faisait envie aux gnomes. <\/p>\n\n\n<div class=\"wp-block-image\">\n<figure class=\"aligncenter size-large\"><img loading=\"lazy\" decoding=\"async\" width=\"1024\" height=\"462\" src=\"https:\/\/lican.fr\/wp-content\/uploads\/2023\/06\/0605-06-07-16-1-1024x462.jpg\" alt=\"\" class=\"wp-image-4026\" srcset=\"https:\/\/lican.fr\/wp-content\/uploads\/2023\/06\/0605-06-07-16-1-1024x462.jpg 1024w, https:\/\/lican.fr\/wp-content\/uploads\/2023\/06\/0605-06-07-16-1-300x135.jpg 300w, https:\/\/lican.fr\/wp-content\/uploads\/2023\/06\/0605-06-07-16-1-768x347.jpg 768w, https:\/\/lican.fr\/wp-content\/uploads\/2023\/06\/0605-06-07-16-1-1536x693.jpg 1536w, https:\/\/lican.fr\/wp-content\/uploads\/2023\/06\/0605-06-07-16-1.jpg 1600w\" sizes=\"auto, (max-width: 1024px) 100vw, 1024px\" \/><\/figure>\n<\/div>\n\n\n<p>Ils s&rsquo;\u00e9clatent. Toboggans avec ou sans bou\u00e9e, courants o\u00f9 on se laisse porter, plongeoirs de 3m et 5m d&rsquo;o\u00f9 la lutine s&rsquo;\u00e9lance, <em>jacuzzi<\/em>&#8230; ce sont des tr\u00e8s bons moments dont tout le monde profite.<\/p>\n\n\n\n<p>Dans les vestiaires, hommes ou femmes, pas de cabine. Ici, la nudit\u00e9 n&rsquo;est pas un tabou. Tout le monde, jeunes et moins jeunes, se change, se d\u00e9place et se douche dans le plus simple appareil. Ce sont des pratiques surprenantes, surtout pour les gnomes et plus particuli\u00e8rement pour ma lutine qui commence \u00e0 \u00eatre assez pudique.<\/p>\n\n\n\n<p>Nous rejoignons le parc national de <em>Tyc\u00f6<\/em>. En pleine for\u00eat, nous partons nous balader. Des \u00e9quipements destin\u00e9s aux visiteurs, campeurs d&rsquo;un soirs, sont en libre acc\u00e8s. <\/p>\n\n\n\n<figure class=\"wp-block-gallery has-nested-images columns-2 is-cropped wp-block-gallery-3 is-layout-flex wp-block-gallery-is-layout-flex\">\n<figure class=\"wp-block-image size-large\"><a href=\"https:\/\/lican.fr\/wp-content\/uploads\/2023\/06\/0605-06-07-15.jpg\"><img loading=\"lazy\" decoding=\"async\" width=\"1024\" height=\"462\" data-id=\"4029\" src=\"https:\/\/lican.fr\/wp-content\/uploads\/2023\/06\/0605-06-07-15-1024x462.jpg\" alt=\"\" class=\"wp-image-4029\" srcset=\"https:\/\/lican.fr\/wp-content\/uploads\/2023\/06\/0605-06-07-15-1024x462.jpg 1024w, https:\/\/lican.fr\/wp-content\/uploads\/2023\/06\/0605-06-07-15-300x135.jpg 300w, https:\/\/lican.fr\/wp-content\/uploads\/2023\/06\/0605-06-07-15-768x347.jpg 768w, https:\/\/lican.fr\/wp-content\/uploads\/2023\/06\/0605-06-07-15-1536x693.jpg 1536w, https:\/\/lican.fr\/wp-content\/uploads\/2023\/06\/0605-06-07-15.jpg 1600w\" sizes=\"auto, (max-width: 1024px) 100vw, 1024px\" \/><\/a><\/figure>\n\n\n\n<figure class=\"wp-block-image size-large\"><a href=\"https:\/\/lican.fr\/wp-content\/uploads\/2023\/06\/0605-06-07-17.jpg\"><img loading=\"lazy\" decoding=\"async\" width=\"1024\" height=\"462\" data-id=\"4031\" src=\"https:\/\/lican.fr\/wp-content\/uploads\/2023\/06\/0605-06-07-17-1024x462.jpg\" alt=\"\" class=\"wp-image-4031\" srcset=\"https:\/\/lican.fr\/wp-content\/uploads\/2023\/06\/0605-06-07-17-1024x462.jpg 1024w, https:\/\/lican.fr\/wp-content\/uploads\/2023\/06\/0605-06-07-17-300x135.jpg 300w, https:\/\/lican.fr\/wp-content\/uploads\/2023\/06\/0605-06-07-17-768x347.jpg 768w, https:\/\/lican.fr\/wp-content\/uploads\/2023\/06\/0605-06-07-17-1536x693.jpg 1536w, https:\/\/lican.fr\/wp-content\/uploads\/2023\/06\/0605-06-07-17.jpg 1600w\" sizes=\"auto, (max-width: 1024px) 100vw, 1024px\" \/><\/a><\/figure>\n<\/figure>\n\n\n\n<p>Il y a des tables de pique-nique, des barbecues avec cha\u00eene pour la marmite et grille de cuisson (qui nous donnent des id\u00e9es), des toilettes s\u00e8ches, du bois coup\u00e9 et du mat\u00e9riel pour couper le bois.<\/p>\n\n\n\n<figure class=\"wp-block-gallery has-nested-images columns-default is-cropped wp-block-gallery-4 is-layout-flex wp-block-gallery-is-layout-flex\">\n<figure class=\"wp-block-image size-large\"><a href=\"https:\/\/lican.fr\/wp-content\/uploads\/2023\/06\/0605-06-07-18-1.jpg\"><img loading=\"lazy\" decoding=\"async\" width=\"462\" height=\"1024\" data-id=\"4034\" src=\"https:\/\/lican.fr\/wp-content\/uploads\/2023\/06\/0605-06-07-18-1-462x1024.jpg\" alt=\"\" class=\"wp-image-4034\" srcset=\"https:\/\/lican.fr\/wp-content\/uploads\/2023\/06\/0605-06-07-18-1-462x1024.jpg 462w, https:\/\/lican.fr\/wp-content\/uploads\/2023\/06\/0605-06-07-18-1-135x300.jpg 135w, https:\/\/lican.fr\/wp-content\/uploads\/2023\/06\/0605-06-07-18-1-693x1536.jpg 693w, https:\/\/lican.fr\/wp-content\/uploads\/2023\/06\/0605-06-07-18-1.jpg 722w\" sizes=\"auto, (max-width: 462px) 100vw, 462px\" \/><\/a><\/figure>\n\n\n\n<figure class=\"wp-block-image size-large\"><a href=\"https:\/\/lican.fr\/wp-content\/uploads\/2023\/06\/0605-06-07-19-1.jpg\"><img loading=\"lazy\" decoding=\"async\" width=\"462\" height=\"1024\" data-id=\"4033\" src=\"https:\/\/lican.fr\/wp-content\/uploads\/2023\/06\/0605-06-07-19-1-462x1024.jpg\" alt=\"\" class=\"wp-image-4033\" srcset=\"https:\/\/lican.fr\/wp-content\/uploads\/2023\/06\/0605-06-07-19-1-462x1024.jpg 462w, https:\/\/lican.fr\/wp-content\/uploads\/2023\/06\/0605-06-07-19-1-135x300.jpg 135w, https:\/\/lican.fr\/wp-content\/uploads\/2023\/06\/0605-06-07-19-1-693x1536.jpg 693w, https:\/\/lican.fr\/wp-content\/uploads\/2023\/06\/0605-06-07-19-1.jpg 722w\" sizes=\"auto, (max-width: 462px) 100vw, 462px\" \/><\/a><\/figure>\n<\/figure>\n\n\n\n<p>Encore un exemple de la confiance et de la biens\u00e9ance dont chacun fait preuve avec les biens de la collectivit\u00e9, propre \u00e0 ces pays nordiques.<\/p>\n","protected":false},"excerpt":{"rendered":"<p>05 juin 2023 La journ\u00e9e est assez chronom\u00e9tr\u00e9e. Nous prenons le ferry pour Helsinki ce soir. Nous d\u00e9butons par des courses alimentaires en pr\u00e9vision de nos prochains jours dans les pays Nordiques, o\u00f9 le co\u00fbt de la vie est bien plus \u00e9lev\u00e9. Nous l&rsquo;avions constat\u00e9 il y a plus de dix ans lors de notre s\u00e9jour en Norv\u00e8ge et d&rsquo;autres &hellip; <\/p>\n","protected":false},"author":2,"featured_media":0,"comment_status":"open","ping_status":"open","sticky":false,"template":"","format":"standard","meta":{"footnotes":""},"categories":[8,1],"tags":[12,27],"class_list":["post-4006","post","type-post","status-publish","format-standard","hentry","category-europe","category-voyage","tag-europe","tag-finlande"],"_links":{"self":[{"href":"https:\/\/lican.fr\/index.php?rest_route=\/wp\/v2\/posts\/4006","targetHints":{"allow":["GET"]}}],"collection":[{"href":"https:\/\/lican.fr\/index.php?rest_route=\/wp\/v2\/posts"}],"about":[{"href":"https:\/\/lican.fr\/index.php?rest_route=\/wp\/v2\/types\/post"}],"author":[{"embeddable":true,"href":"https:\/\/lican.fr\/index.php?rest_route=\/wp\/v2\/users\/2"}],"replies":[{"embeddable":true,"href":"https:\/\/lican.fr\/index.php?rest_route=%2Fwp%2Fv2%2Fcomments&post=4006"}],"version-history":[{"count":5,"href":"https:\/\/lican.fr\/index.php?rest_route=\/wp\/v2\/posts\/4006\/revisions"}],"predecessor-version":[{"id":4035,"href":"https:\/\/lican.fr\/index.php?rest_route=\/wp\/v2\/posts\/4006\/revisions\/4035"}],"wp:attachment":[{"href":"https:\/\/lican.fr\/index.php?rest_route=%2Fwp%2Fv2%2Fmedia&parent=4006"}],"wp:term":[{"taxonomy":"category","embeddable":true,"href":"https:\/\/lican.fr\/index.php?rest_route=%2Fwp%2Fv2%2Fcategories&post=4006"},{"taxonomy":"post_tag","embeddable":true,"href":"https:\/\/lican.fr\/index.php?rest_route=%2Fwp%2Fv2%2Ftags&post=4006"}],"curies":[{"name":"wp","href":"https:\/\/api.w.org\/{rel}","templated":true}]}}